{"id":1221,"date":"2022-02-02T19:34:39","date_gmt":"2022-02-02T18:34:39","guid":{"rendered":"https:\/\/www.museomediapiave.it\/?p=1221"},"modified":"2022-02-02T19:34:39","modified_gmt":"2022-02-02T18:34:39","slug":"la-festa-della-candelora","status":"publish","type":"post","link":"https:\/\/www.museomediapiave.it\/index.php\/2022\/02\/02\/la-festa-della-candelora\/","title":{"rendered":"La Festa della Candelora"},"content":{"rendered":"<p>La Festa della Candelora.<br \/>\nIl 2 febbraio, esattamente 40 giorni dopo il Natale, \u00e8 la Festa della Candelora. \u00c8 la festa liturgica della presentazione di Ges\u00f9 al Tempio, raccontata dal vangelo di Luca (2,22-40), e popolarmente detta \u201ccandelora\u201d perch\u00e9 in questo giorno si benedicono le candele, simbolo di Cristo luce del mondo, come viene chiamato il Bambino Ges\u00f9 dal vecchio profeta Simeone.<br \/>\nLa festa delle luci ebbe origine in Oriente con il nome di \u201cIpapante\u201d, cio\u00e9 \u201cIncontro\u201d. Nel secolo VI si estese anche all&#8217;Occidente: da Roma, dove aveva carattere pi\u00f9 penitenziale, alla Gallia con la solenne benedizione e processione delle candele che ha dato il nome alla festa: \u201ccandelora\u201d, appunto. Questa festa chiu<img loading=\"lazy\" decoding=\"async\" width=\"300\" height=\"164\" src=\"http:\/\/www.museomediapiave.it\/wp-content\/uploads\/2022\/02\/273168642_461133445639344_386507554225244788_n-300x164.jpg\" alt=\"\" class=\"alignnone size-medium wp-image-1222\" srcset=\"https:\/\/www.museomediapiave.it\/wp-content\/uploads\/2022\/02\/273168642_461133445639344_386507554225244788_n-300x164.jpg 300w, https:\/\/www.museomediapiave.it\/wp-content\/uploads\/2022\/02\/273168642_461133445639344_386507554225244788_n-768x420.jpg 768w, https:\/\/www.museomediapiave.it\/wp-content\/uploads\/2022\/02\/273168642_461133445639344_386507554225244788_n-958x524.jpg 958w, https:\/\/www.museomediapiave.it\/wp-content\/uploads\/2022\/02\/273168642_461133445639344_386507554225244788_n.jpg 990w\"  sizes=\"(max-width: 300px) 100vw, 300px\" \/>de le celebrazioni natalizie e con la profezia di Simeone alla Vergine Maria (\u00abanche a te una spada trafigger\u00e0 l&#8217;anima\u00bb) apre il cammino verso la Pasqua.<br \/>\nPer un periodo questa festa era dedicata alla Purificazione della SS. Vergine Maria, in ricordo del momento, narrato al capitolo 2 del Vangelo di Luca, in cui Maria, in ottemperanza alla legge ebraica, si rec\u00f2 al Tempio di Gerusalemme, quaranta giorni dopo la nascita di Ges\u00f9, per offrire il suo primogenito e compiere il rito legale della sua purificazione. La riforma liturgica del 1960 ha restituito alla celebrazione il titolo di &#8220;Presentazione del Signore&#8221;, che aveva in origine.<br \/>\nAnticamente questa festa veniva celebrata il 14 febbraio (40 giorni dopo l&#8217;Epifania). Secondo Beda il Venerabile la processione della Candelora sarebbe un contrapposto alla processione dei Lupercalia dei Romani, e una riparazione alle sfrenatezza che avvenivano in tale circostanza.<br \/>\nIl giorno della candelora segna anche tradizionalmente la fine dell\u2019inverno, come recita il proverbio veneto \u201cquando vien la Candel\u00f2ra de l\u2019inverno semo fora, ma se piove o tira vento ne l\u2019inverno semo dentro\u201d.<\/p>\n","protected":false},"excerpt":{"rendered":"<p>La Festa della Candelora. Il 2 febbraio, esattamente 40 giorni dopo il Natale, \u00e8 la Festa della Candelora. \u00c8 la festa liturgica della presentazione di Ges\u00f9 al Tempio, raccontata dal vangelo di Luca (2,22-40), e popolarmente detta \u201ccandelora\u201d perch\u00e9 in questo giorno si benedicono le candele, simbolo di Cristo luce del mondo, come viene chiamato il Bambino Ges\u00f9 dal vecchio profeta Simeone. La festa delle luci ebbe origine in Oriente con il nome di \u201cIpapante\u201d, cio\u00e9 \u201cIncontro\u201d. Nel secolo VI si estese anche all&#8217;Occidente: da Roma, dove aveva carattere pi\u00f9 penitenziale, alla Gallia con la solenne benedizione e processione delle candele che ha dato il nome alla festa: \u201ccandelora\u201d, appunto. Questa festa chiude le celebrazioni natalizie e con la profezia di Simeone alla Vergine Maria (\u00abanche a te una spada trafigger\u00e0 l&#8217;anima\u00bb) apre il cammino verso la Pasqua. Per un periodo questa festa era dedicata alla Purificazione della SS. Vergine Maria, in ricordo del momento, narrato al capitolo 2 del Vangelo di Luca, in cui Maria, in ottemperanza alla legge ebraica, si rec\u00f2 al Tempio di Gerusalemme, quaranta giorni dopo la nascita di Ges\u00f9, per offrire il suo primogenito e compiere il rito legale della sua purificazione. La riforma liturgica del 1960 ha restituito alla celebrazione il titolo di &#8220;Presentazione del Signore&#8221;, che aveva in origine. Anticamente questa festa veniva celebrata il 14 febbraio (40 giorni dopo l&#8217;Epifania). Secondo Beda il Venerabile la processione della Candelora sarebbe un contrapposto alla processione dei Lupercalia dei Romani, e una riparazione alle sfrenatezza che avvenivano in tale circostanza. Il giorno della candelora segna anche tradizionalmente la fine dell\u2019inverno, come recita il proverbio veneto \u201cquando vien la Candel\u00f2ra de l\u2019inverno semo fora, ma se piove o tira vento ne l\u2019inverno semo dentro\u201d.<\/p>\n","protected":false},"author":1,"featured_media":1222,"comment_status":"open","ping_status":"open","sticky":false,"template":"","format":"standard","meta":{"footnotes":""},"categories":[103],"tags":[],"class_list":["post-1221","post","type-post","status-publish","format-standard","has-post-thumbnail","hentry","category-il-cea-racconta"],"_links":{"self":[{"href":"https:\/\/www.museomediapiave.it\/index.php\/wp-json\/wp\/v2\/posts\/1221","targetHints":{"allow":["GET"]}}],"collection":[{"href":"https:\/\/www.museomediapiave.it\/index.php\/wp-json\/wp\/v2\/posts"}],"about":[{"href":"https:\/\/www.museomediapiave.it\/index.php\/wp-json\/wp\/v2\/types\/post"}],"author":[{"embeddable":true,"href":"https:\/\/www.museomediapiave.it\/index.php\/wp-json\/wp\/v2\/users\/1"}],"replies":[{"embeddable":true,"href":"https:\/\/www.museomediapiave.it\/index.php\/wp-json\/wp\/v2\/comments?post=1221"}],"version-history":[{"count":1,"href":"https:\/\/www.museomediapiave.it\/index.php\/wp-json\/wp\/v2\/posts\/1221\/revisions"}],"predecessor-version":[{"id":1223,"href":"https:\/\/www.museomediapiave.it\/index.php\/wp-json\/wp\/v2\/posts\/1221\/revisions\/1223"}],"wp:featuredmedia":[{"embeddable":true,"href":"https:\/\/www.museomediapiave.it\/index.php\/wp-json\/wp\/v2\/media\/1222"}],"wp:attachment":[{"href":"https:\/\/www.museomediapiave.it\/index.php\/wp-json\/wp\/v2\/media?parent=1221"}],"wp:term":[{"taxonomy":"category","embeddable":true,"href":"https:\/\/www.museomediapiave.it\/index.php\/wp-json\/wp\/v2\/categories?post=1221"},{"taxonomy":"post_tag","embeddable":true,"href":"https:\/\/www.museomediapiave.it\/index.php\/wp-json\/wp\/v2\/tags?post=1221"}],"curies":[{"name":"wp","href":"https:\/\/api.w.org\/{rel}","templated":true}]}}