{"id":1071,"date":"2021-06-28T15:59:00","date_gmt":"2021-06-28T13:59:00","guid":{"rendered":"https:\/\/www.museomediapiave.it\/?p=1071"},"modified":"2021-06-28T15:59:22","modified_gmt":"2021-06-28T13:59:22","slug":"la-barca-di-san-pietro","status":"publish","type":"post","link":"https:\/\/www.museomediapiave.it\/index.php\/2021\/06\/28\/la-barca-di-san-pietro\/","title":{"rendered":"La barca di San Pietro"},"content":{"rendered":"<p>Chi di Voi non ha mai fatto o non sa cos\u2019\u00e8 la barca di San Pietro?<\/p>\n<p>Nella notte fra il 28 e il 29 giugno (festivit\u00e0 dei Santi Pietro e Paolo), si deve mettere dentro ad un contenitore di vetro riempito d&#8217;acqua l\u2019albume di un uovo. lI vaso va poi posizionato sul prato, sull\u2019orto o fra i fiori del giardino e lasciato per tutta la notte all&#8217;aria aperta, per assorbire la rugiada. Il mattino seguente si troveranno nell&#8217;acqua delle strutture, formate dall&#8217;albume, che ricordano le vele di una barca o di un veliero.<\/p>\n<p>La Barca o Veliero di San Pietro \u00e8 una tradizione popolare diffusa in tutto il Nord Italia e secondo il folklore popolare, sarebbero prodotte da San Pietro, in origine pescatore, che soffiando nel contenitore di vetro farebbe assumere all&#8217;albume la giusta conformazione e, in considerazione di come apparivano le &#8220;vele&#8221;, se molto ritte oppure chiuse, si poteva trarre buono o cattivo auspicio di come sarebbe stata l&#8217;annata agraria. L&#8217;antico sentimento popolare quindi, molto legato ai fenomeni atmosferici poich\u00e9 determinanti per i raccolti agricoli o per la pesca, diede quindi luogo a questo curioso rito che per funzionare al meglio chiedeva anche la recitazione di questa cantilena durante le fasi di preparazione e collocamento nel luogo prescelto.<\/p>\n<p><em>\u201cL&#8217;\u00e8 vero, l&#8217;\u00e8 vero l&#8217;\u00e8 riv\u00e0 San Piero.<\/em><br \/>\n<em>L&#8217;\u00e8 vero, l&#8217;\u00e8 vero l&#8217;\u00e8 riv\u00e0 la barca de San Piero<\/em><br \/>\n<em>Se piove a San Paolo e Piero piove par on ano int\u00ecero<\/em><br \/>\n<em>Se te vol on bel zinquantin, semena prima de San Pierin\u201d<\/em><\/p>\n<p>Il fenomeno \u00e8 in realt\u00e0 dovuto alle variazioni termiche tra il giorno, la notte e il calore del suolo su cui \u00e8 appoggiato il contenitore, tipiche del primo periodo estivo che si presta bene a queste condizioni. Il freddo-umido della notte fa variare leggermente la densit\u00e0 dell\u2019albume che aumenta leggermente, cadendo quindi lentamente sul fondo del contenitore di vetro che si trova a contatto col calore del suolo che fa cos\u00ec risalire le molecole d\u2019acqua verso l&#8217;alto creando l&#8217;effetto delle vele. A ci\u00f2, si dovrebbe aggiungere anche l&#8217;effetto delle prime ore del mattino: qui, l&#8217;albume dovrebbe riscaldarsi nuovamente, diminuendo cos\u00ec sensibilmente la sua densit\u00e0 tentando di risalire verso l&#8217;alto, \u201cissando\u201d per cos\u00ec dire, le &#8220;vele&#8221;.<\/p>\n<p>Invitiamo chi non lo ha mai fatto a provare e a pubblicare le foto delle proprie barche di San Pietro nella propria pagina facebook, magari con riferimento a questo articolo.<\/p>\n<p><img loading=\"lazy\" decoding=\"async\" width=\"600\" height=\"450\" class=\"alignnone size-full wp-image-1116\" src=\"http:\/\/www.museomediapiave.it\/wp-content\/uploads\/2021\/06\/208367178_320969736322383_2437294063402572938_n.jpg\" alt=\"\" srcset=\"https:\/\/www.museomediapiave.it\/wp-content\/uploads\/2021\/06\/208367178_320969736322383_2437294063402572938_n.jpg 600w, https:\/\/www.museomediapiave.it\/wp-content\/uploads\/2021\/06\/208367178_320969736322383_2437294063402572938_n-300x225.jpg 300w\"  sizes=\"(max-width: 600px) 100vw, 600px\" \/> <img loading=\"lazy\" decoding=\"async\" width=\"300\" height=\"161\" class=\"alignnone size-medium wp-image-1117\" src=\"http:\/\/www.museomediapiave.it\/wp-content\/uploads\/2021\/06\/208491931_320969739655716_3699033040009351437_n-300x161.jpg\" alt=\"\" srcset=\"https:\/\/www.museomediapiave.it\/wp-content\/uploads\/2021\/06\/208491931_320969739655716_3699033040009351437_n-300x161.jpg 300w, https:\/\/www.museomediapiave.it\/wp-content\/uploads\/2021\/06\/208491931_320969739655716_3699033040009351437_n-768x413.jpg 768w, https:\/\/www.museomediapiave.it\/wp-content\/uploads\/2021\/06\/208491931_320969739655716_3699033040009351437_n-958x515.jpg 958w, https:\/\/www.museomediapiave.it\/wp-content\/uploads\/2021\/06\/208491931_320969739655716_3699033040009351437_n.jpg 960w\"  sizes=\"(max-width: 300px) 100vw, 300px\" \/> <img loading=\"lazy\" decoding=\"async\" width=\"300\" height=\"225\" class=\"alignnone size-medium wp-image-1118\" src=\"http:\/\/www.museomediapiave.it\/wp-content\/uploads\/2021\/06\/208962703_320969699655720_5997425964064784346_n-300x225.jpg\" alt=\"\" srcset=\"https:\/\/www.museomediapiave.it\/wp-content\/uploads\/2021\/06\/208962703_320969699655720_5997425964064784346_n-300x225.jpg 300w, https:\/\/www.museomediapiave.it\/wp-content\/uploads\/2021\/06\/208962703_320969699655720_5997425964064784346_n-768x576.jpg 768w, https:\/\/www.museomediapiave.it\/wp-content\/uploads\/2021\/06\/208962703_320969699655720_5997425964064784346_n-958x719.jpg 958w, https:\/\/www.museomediapiave.it\/wp-content\/uploads\/2021\/06\/208962703_320969699655720_5997425964064784346_n.jpg 960w\"  sizes=\"(max-width: 300px) 100vw, 300px\" \/> <img loading=\"lazy\" decoding=\"async\" width=\"240\" height=\"300\" class=\"alignnone size-medium wp-image-1119\" src=\"http:\/\/www.museomediapiave.it\/wp-content\/uploads\/2021\/06\/209121235_320969692989054_7130642653752126498_n-240x300.jpg\" alt=\"\" srcset=\"https:\/\/www.museomediapiave.it\/wp-content\/uploads\/2021\/06\/209121235_320969692989054_7130642653752126498_n-240x300.jpg 240w, https:\/\/www.museomediapiave.it\/wp-content\/uploads\/2021\/06\/209121235_320969692989054_7130642653752126498_n.jpg 428w\"  sizes=\"(max-width: 240px) 100vw, 240px\" \/> Resterete sorpresi del risultato.<\/p>\n<p>EA<\/p>\n","protected":false},"excerpt":{"rendered":"<p>Chi di Voi non ha mai fatto o non sa cos\u2019\u00e8 la barca di San Pietro? Nella notte fra il 28 e il 29 giugno (festivit\u00e0 dei Santi Pietro e Paolo), si deve mettere dentro ad un contenitore di vetro riempito d&#8217;acqua l\u2019albume di un uovo. lI vaso va poi posizionato sul prato, sull\u2019orto o fra i fiori del giardino e lasciato per tutta la notte all&#8217;aria aperta, per assorbire la rugiada. Il mattino seguente si troveranno nell&#8217;acqua delle strutture, formate dall&#8217;albume, che ricordano le vele di una barca o di un veliero. La Barca o Veliero di San Pietro \u00e8 una tradizione popolare diffusa in tutto il Nord Italia e secondo il folklore popolare, sarebbero prodotte da San Pietro, in origine pescatore, che soffiando nel contenitore di vetro farebbe assumere all&#8217;albume la giusta conformazione e, in considerazione di come apparivano le &#8220;vele&#8221;, se molto ritte oppure chiuse, si poteva trarre buono o cattivo auspicio di come sarebbe stata l&#8217;annata agraria. L&#8217;antico sentimento popolare quindi, molto legato ai fenomeni atmosferici poich\u00e9 determinanti per i raccolti agricoli o per la pesca, diede quindi luogo a questo curioso rito che per funzionare al meglio chiedeva anche la recitazione di questa cantilena durante le fasi di preparazione e collocamento nel luogo prescelto. \u201cL&#8217;\u00e8 vero, l&#8217;\u00e8 vero l&#8217;\u00e8 riv\u00e0 San Piero. L&#8217;\u00e8 vero, l&#8217;\u00e8 vero l&#8217;\u00e8 riv\u00e0 la barca de San Piero Se piove a San Paolo e Piero piove par on ano int\u00ecero Se te vol on bel zinquantin, semena prima de San Pierin\u201d Il fenomeno \u00e8 in realt\u00e0 dovuto alle variazioni termiche tra il giorno, la notte e il calore del suolo su cui \u00e8 appoggiato il contenitore, tipiche del primo periodo estivo che si presta bene a queste condizioni. Il freddo-umido della notte fa variare leggermente la densit\u00e0 dell\u2019albume che aumenta leggermente, cadendo quindi lentamente sul fondo del contenitore di vetro che si trova a contatto col calore del suolo che fa cos\u00ec risalire le molecole d\u2019acqua verso l&#8217;alto creando l&#8217;effetto delle vele. A ci\u00f2, si dovrebbe aggiungere anche l&#8217;effetto delle prime ore del mattino: qui, l&#8217;albume dovrebbe riscaldarsi nuovamente, diminuendo cos\u00ec sensibilmente la sua densit\u00e0 tentando di risalire verso l&#8217;alto, \u201cissando\u201d per cos\u00ec dire, le &#8220;vele&#8221;. Invitiamo chi non lo ha mai fatto a provare e a pubblicare le foto delle proprie barche di San Pietro nella propria pagina facebook, magari con riferimento a questo articolo. Resterete sorpresi del risultato. EA<\/p>\n","protected":false},"author":1,"featured_media":1118,"comment_status":"open","ping_status":"open","sticky":false,"template":"","format":"standard","meta":{"footnotes":""},"categories":[103],"tags":[],"class_list":["post-1071","post","type-post","status-publish","format-standard","has-post-thumbnail","hentry","category-il-cea-racconta"],"_links":{"self":[{"href":"https:\/\/www.museomediapiave.it\/index.php\/wp-json\/wp\/v2\/posts\/1071","targetHints":{"allow":["GET"]}}],"collection":[{"href":"https:\/\/www.museomediapiave.it\/index.php\/wp-json\/wp\/v2\/posts"}],"about":[{"href":"https:\/\/www.museomediapiave.it\/index.php\/wp-json\/wp\/v2\/types\/post"}],"author":[{"embeddable":true,"href":"https:\/\/www.museomediapiave.it\/index.php\/wp-json\/wp\/v2\/users\/1"}],"replies":[{"embeddable":true,"href":"https:\/\/www.museomediapiave.it\/index.php\/wp-json\/wp\/v2\/comments?post=1071"}],"version-history":[{"count":2,"href":"https:\/\/www.museomediapiave.it\/index.php\/wp-json\/wp\/v2\/posts\/1071\/revisions"}],"predecessor-version":[{"id":1122,"href":"https:\/\/www.museomediapiave.it\/index.php\/wp-json\/wp\/v2\/posts\/1071\/revisions\/1122"}],"wp:featuredmedia":[{"embeddable":true,"href":"https:\/\/www.museomediapiave.it\/index.php\/wp-json\/wp\/v2\/media\/1118"}],"wp:attachment":[{"href":"https:\/\/www.museomediapiave.it\/index.php\/wp-json\/wp\/v2\/media?parent=1071"}],"wp:term":[{"taxonomy":"category","embeddable":true,"href":"https:\/\/www.museomediapiave.it\/index.php\/wp-json\/wp\/v2\/categories?post=1071"},{"taxonomy":"post_tag","embeddable":true,"href":"https:\/\/www.museomediapiave.it\/index.php\/wp-json\/wp\/v2\/tags?post=1071"}],"curies":[{"name":"wp","href":"https:\/\/api.w.org\/{rel}","templated":true}]}}